{"id":220,"date":"2015-04-14T12:27:24","date_gmt":"2015-04-14T10:27:24","guid":{"rendered":"https:\/\/pkoo.sep.warszawa.pl\/?p=220"},"modified":"2015-12-07T09:12:08","modified_gmt":"2015-12-07T08:12:08","slug":"xxiii-international-conference-on-electromagnetic-disturbances","status":"publish","type":"post","link":"https:\/\/pkoo.sep.warszawa.pl\/?p=220","title":{"rendered":"XXIII International Conference on Electromagnetic Disturbances"},"content":{"rendered":"<p>W dniach 9-11.09.2015 r. odb\u0119dzie si\u0119 w Bia\u0142ymstoku XXIII International Conference on Electromagnetic Disturbances.<\/p>\n<p><a href=\"https:\/\/pkoo.sep.warszawa.pl\/wp-content\/uploads\/2015\/04\/emd2015.jpg\"><img loading=\"lazy\" decoding=\"async\" class=\"aligncenter size-full wp-image-221\" alt=\"emd2015\" src=\"https:\/\/pkoo.sep.warszawa.pl\/wp-content\/uploads\/2015\/04\/emd2015.jpg\" width=\"1172\" height=\"426\" srcset=\"https:\/\/pkoo.sep.warszawa.pl\/wp-content\/uploads\/2015\/04\/emd2015.jpg 1172w, https:\/\/pkoo.sep.warszawa.pl\/wp-content\/uploads\/2015\/04\/emd2015-300x109.jpg 300w, https:\/\/pkoo.sep.warszawa.pl\/wp-content\/uploads\/2015\/04\/emd2015-1024x372.jpg 1024w\" sizes=\"auto, (max-width: 1172px) 100vw, 1172px\" \/><\/a><\/p>\n<p>Szczeg\u00f3\u0142owe informacje dost\u0119pne s\u0105 na stronie <a title=\"http:\/\/teleinfo.pb.edu.pl\/emd2015\/\" href=\"http:\/\/teleinfo.pb.edu.pl\/emd2015\/\" target=\"_blank\">http:\/\/teleinfo.pb.edu.pl\/emd2015\/<\/a> . Serdecznie zapraszamy!<\/p>\n<p>&nbsp;<\/p>\n","protected":false},"excerpt":{"rendered":"<p>W dniach 9-11.09.2015 r. odb\u0119dzie si\u0119 w Bia\u0142ymstoku XXIII International Conference on Electromagnetic Disturbances. Szczeg\u00f3\u0142owe informacje dost\u0119pne s\u0105 na stronie http:\/\/teleinfo.pb.edu.pl\/emd2015\/ . Serdecznie zapraszamy! &nbsp;<\/p>\n","protected":false},"author":11,"featured_media":0,"comment_status":"closed","ping_status":"open","sticky":false,"template":"","format":"standard","meta":{"footnotes":""},"categories":[2,4],"tags":[8,9,10],"class_list":["post-220","post","type-post","status-publish","format-standard","hentry","category-aktualnosci","category-konferencje","tag-emd","tag-konferencja","tag-zaproszenie"],"_links":{"self":[{"href":"https:\/\/pkoo.sep.warszawa.pl\/index.php?rest_route=\/wp\/v2\/posts\/220","targetHints":{"allow":["GET"]}}],"collection":[{"href":"https:\/\/pkoo.sep.warszawa.pl\/index.php?rest_route=\/wp\/v2\/posts"}],"about":[{"href":"https:\/\/pkoo.sep.warszawa.pl\/index.php?rest_route=\/wp\/v2\/types\/post"}],"author":[{"embeddable":true,"href":"https:\/\/pkoo.sep.warszawa.pl\/index.php?rest_route=\/wp\/v2\/users\/11"}],"replies":[{"embeddable":true,"href":"https:\/\/pkoo.sep.warszawa.pl\/index.php?rest_route=%2Fwp%2Fv2%2Fcomments&post=220"}],"version-history":[{"count":3,"href":"https:\/\/pkoo.sep.warszawa.pl\/index.php?rest_route=\/wp\/v2\/posts\/220\/revisions"}],"predecessor-version":[{"id":224,"href":"https:\/\/pkoo.sep.warszawa.pl\/index.php?rest_route=\/wp\/v2\/posts\/220\/revisions\/224"}],"wp:attachment":[{"href":"https:\/\/pkoo.sep.warszawa.pl\/index.php?rest_route=%2Fwp%2Fv2%2Fmedia&parent=220"}],"wp:term":[{"taxonomy":"category","embeddable":true,"href":"https:\/\/pkoo.sep.warszawa.pl\/index.php?rest_route=%2Fwp%2Fv2%2Fcategories&post=220"},{"taxonomy":"post_tag","embeddable":true,"href":"https:\/\/pkoo.sep.warszawa.pl\/index.php?rest_route=%2Fwp%2Fv2%2Ftags&post=220"}],"curies":[{"name":"wp","href":"https:\/\/api.w.org\/{rel}","templated":true}]}}