{"id":733,"date":"2020-05-26T21:02:45","date_gmt":"2020-05-26T19:02:45","guid":{"rendered":"http:\/\/pkoo.sep.warszawa.pl\/?p=733"},"modified":"2020-05-26T21:02:47","modified_gmt":"2020-05-26T19:02:47","slug":"miedzynarodowy-dzien-elektryka","status":"publish","type":"post","link":"https:\/\/pkoo.sep.warszawa.pl\/?p=733","title":{"rendered":"Mi\u0119dzynarodowy Dzie\u0144 Elektryka"},"content":{"rendered":"\n<p class=\"has-text-align-center\"><strong>Serdecznie zapraszamy do udzia\u0142u w obchodach Mi\u0119dzynarodowego Dnia Elektryka \u2013 on-line!<\/strong><\/p>\n\n\n\n<figure class=\"wp-block-image\"><img decoding=\"async\" src=\"https:\/\/sep.com.pl\/photo\/images\/MDE%202020%20_%20header(1).jpg\" alt=\"\"\/><\/figure>\n\n\n\n<p>Corocznie w dniu 10 czerwca obchodzimy <strong>Mi\u0119dzynarodowy Dzie\u0144 Elektryka (MDE)<\/strong> \u2013 \u015bwi\u0119to wszystkich in\u017cynier\u00f3w, technik\u00f3w i innych profesjonalist\u00f3w zajmuj\u0105cych si\u0119 szeroko poj\u0119t\u0105 dziedzin\u0105 elektryki. Dzie\u0144 ten obchodzony jest w przypadaj\u0105c\u0105 na 10 czerwca rocznic\u0119 \u015bmierci znakomitego uczonego Andr\u00e9 Marie Amp\u00e8re\u2019a (1775-1836).<\/p>\n\n\n\n<p>W roku bie\u017c\u0105cym, ze wzgl\u0119du na ograniczenia w organizacji zgromadze\u0144 wynikaj\u0105ce ze epidemii koronawirusa, Zarz\u0105d SEP podj\u0105\u0142 decyzj\u0119 o zorganizowaniu obchod\u00f3w MDE w formie wideokonferencji w <strong>przestrzeni wirtualnej \u2013 w internecie.<\/strong><\/p>\n\n\n\n<p>Organizatorami wydarzenia s\u0105: Zarz\u0105d G\u0142\u00f3wny SEP, Oddzia\u0142 Pozna\u0144ski SEP oraz Biuro SEP (w zakresie cz\u0119\u015bci technicznej i koordynacji uroczysto\u015bci).<\/p>\n\n\n\n<p>Program ramowy i inne informacje o wydarzeniu dost\u0119pne s\u0105 na dedykowanej stronie internetowej: <a href=\"https:\/\/sep.com.pl\/wydarzenia\/miedzynarodowy-dzien-elektryka\/\">Mi\u0119dzynarodowy Dzie\u0144 Elektryka<\/a><\/p>\n\n\n\n<p>ZAPRASZAMY!<\/p>\n\n\n\n<p><a href=\"https:\/\/bit.ly\/2LEVjtF\"><strong>FORMULARZ REJESTRACYJNY<\/strong><\/a><\/p>\n\n\n\n<p><\/p>\n","protected":false},"excerpt":{"rendered":"<p>Serdecznie zapraszamy do udzia\u0142u w obchodach Mi\u0119dzynarodowego Dnia Elektryka \u2013 on-line! Corocznie w dniu 10 czerwca obchodzimy Mi\u0119dzynarodowy Dzie\u0144 Elektryka (MDE) \u2013 \u015bwi\u0119to wszystkich in\u017cynier\u00f3w, technik\u00f3w i innych profesjonalist\u00f3w zajmuj\u0105cych si\u0119 szeroko poj\u0119t\u0105 dziedzin\u0105 elektryki. Dzie\u0144 ten obchodzony jest w &hellip; <a href=\"https:\/\/pkoo.sep.warszawa.pl\/?p=733\">Czytaj dalej <span class=\"meta-nav\">&rarr;<\/span><\/a><\/p>\n","protected":false},"author":11,"featured_media":0,"comment_status":"closed","ping_status":"open","sticky":false,"template":"","format":"standard","meta":{"footnotes":""},"categories":[2,7],"tags":[47,10],"class_list":["post-733","post","type-post","status-publish","format-standard","hentry","category-aktualnosci","category-komunikaty","tag-dzien-elektryka","tag-zaproszenie"],"_links":{"self":[{"href":"https:\/\/pkoo.sep.warszawa.pl\/index.php?rest_route=\/wp\/v2\/posts\/733","targetHints":{"allow":["GET"]}}],"collection":[{"href":"https:\/\/pkoo.sep.warszawa.pl\/index.php?rest_route=\/wp\/v2\/posts"}],"about":[{"href":"https:\/\/pkoo.sep.warszawa.pl\/index.php?rest_route=\/wp\/v2\/types\/post"}],"author":[{"embeddable":true,"href":"https:\/\/pkoo.sep.warszawa.pl\/index.php?rest_route=\/wp\/v2\/users\/11"}],"replies":[{"embeddable":true,"href":"https:\/\/pkoo.sep.warszawa.pl\/index.php?rest_route=%2Fwp%2Fv2%2Fcomments&post=733"}],"version-history":[{"count":2,"href":"https:\/\/pkoo.sep.warszawa.pl\/index.php?rest_route=\/wp\/v2\/posts\/733\/revisions"}],"predecessor-version":[{"id":735,"href":"https:\/\/pkoo.sep.warszawa.pl\/index.php?rest_route=\/wp\/v2\/posts\/733\/revisions\/735"}],"wp:attachment":[{"href":"https:\/\/pkoo.sep.warszawa.pl\/index.php?rest_route=%2Fwp%2Fv2%2Fmedia&parent=733"}],"wp:term":[{"taxonomy":"category","embeddable":true,"href":"https:\/\/pkoo.sep.warszawa.pl\/index.php?rest_route=%2Fwp%2Fv2%2Fcategories&post=733"},{"taxonomy":"post_tag","embeddable":true,"href":"https:\/\/pkoo.sep.warszawa.pl\/index.php?rest_route=%2Fwp%2Fv2%2Ftags&post=733"}],"curies":[{"name":"wp","href":"https:\/\/api.w.org\/{rel}","templated":true}]}}