{"id":847,"date":"2022-08-22T18:57:28","date_gmt":"2022-08-22T16:57:28","guid":{"rendered":"http:\/\/pkoo.sep.warszawa.pl\/?p=847"},"modified":"2022-08-22T18:59:32","modified_gmt":"2022-08-22T16:59:32","slug":"informacja-o-konferencji-iclp-2022","status":"publish","type":"post","link":"https:\/\/pkoo.sep.warszawa.pl\/?p=847","title":{"rendered":"Informacja o konferencji ICLP 2022"},"content":{"rendered":"\n<p>Serdecznie zapraszamy do udzia\u0142u w 36th International Conference on Lightning Protection 2022, kt\u00f3ra w tym roku, po raz pierwszy w swej historii, b\u0119dzie odbywa\u0107 si\u0119 w Afryce, a konkretnie w Kapsztadzie w Republice Po\u0142udniowej Afryki. Szczeg\u00f3\u0142owe informacje, w szczeg\u00f3lno\u015bci dla autor\u00f3w artyku\u0142\u00f3w, dost\u0119pne s\u0105 na stronie konferencji <a href=\"https:\/\/www.iclp2022.org\/\" target=\"_blank\" rel=\"noreferrer noopener\">ICLP2022 | 36th International Conference on Lightning Protection | South Africa | 2022<\/a> . <\/p>\n","protected":false},"excerpt":{"rendered":"<p>Serdecznie zapraszamy do udzia\u0142u w 36th International Conference on Lightning Protection 2022, kt\u00f3ra w tym roku, po raz pierwszy w swej historii, b\u0119dzie odbywa\u0107 si\u0119 w Afryce, a konkretnie w Kapsztadzie w Republice Po\u0142udniowej Afryki. Szczeg\u00f3\u0142owe informacje, w szczeg\u00f3lno\u015bci dla &hellip; <a href=\"https:\/\/pkoo.sep.warszawa.pl\/?p=847\">Czytaj dalej <span class=\"meta-nav\">&rarr;<\/span><\/a><\/p>\n","protected":false},"author":11,"featured_media":0,"comment_status":"closed","ping_status":"open","sticky":false,"template":"","format":"standard","meta":{"footnotes":""},"categories":[2,4],"tags":[40,9,10],"class_list":["post-847","post","type-post","status-publish","format-standard","hentry","category-aktualnosci","category-konferencje","tag-iclp","tag-konferencja","tag-zaproszenie"],"_links":{"self":[{"href":"https:\/\/pkoo.sep.warszawa.pl\/index.php?rest_route=\/wp\/v2\/posts\/847","targetHints":{"allow":["GET"]}}],"collection":[{"href":"https:\/\/pkoo.sep.warszawa.pl\/index.php?rest_route=\/wp\/v2\/posts"}],"about":[{"href":"https:\/\/pkoo.sep.warszawa.pl\/index.php?rest_route=\/wp\/v2\/types\/post"}],"author":[{"embeddable":true,"href":"https:\/\/pkoo.sep.warszawa.pl\/index.php?rest_route=\/wp\/v2\/users\/11"}],"replies":[{"embeddable":true,"href":"https:\/\/pkoo.sep.warszawa.pl\/index.php?rest_route=%2Fwp%2Fv2%2Fcomments&post=847"}],"version-history":[{"count":2,"href":"https:\/\/pkoo.sep.warszawa.pl\/index.php?rest_route=\/wp\/v2\/posts\/847\/revisions"}],"predecessor-version":[{"id":849,"href":"https:\/\/pkoo.sep.warszawa.pl\/index.php?rest_route=\/wp\/v2\/posts\/847\/revisions\/849"}],"wp:attachment":[{"href":"https:\/\/pkoo.sep.warszawa.pl\/index.php?rest_route=%2Fwp%2Fv2%2Fmedia&parent=847"}],"wp:term":[{"taxonomy":"category","embeddable":true,"href":"https:\/\/pkoo.sep.warszawa.pl\/index.php?rest_route=%2Fwp%2Fv2%2Fcategories&post=847"},{"taxonomy":"post_tag","embeddable":true,"href":"https:\/\/pkoo.sep.warszawa.pl\/index.php?rest_route=%2Fwp%2Fv2%2Ftags&post=847"}],"curies":[{"name":"wp","href":"https:\/\/api.w.org\/{rel}","templated":true}]}}