{"id":970,"date":"2024-08-16T20:32:43","date_gmt":"2024-08-16T18:32:43","guid":{"rendered":"https:\/\/pkoo.sep.warszawa.pl\/?p=970"},"modified":"2024-09-11T09:32:27","modified_gmt":"2024-09-11T07:32:27","slug":"37-miedzynarodowa-konferencja-ochrony-odgromowej-iclp-2024","status":"publish","type":"post","link":"https:\/\/pkoo.sep.warszawa.pl\/?p=970","title":{"rendered":"37. Mi\u0119dzynarodowa Konferencja Ochrony Odgromowej ICLP 2024"},"content":{"rendered":"\n<figure class=\"wp-block-image size-large\"><a href=\"https:\/\/pkoo.sep.warszawa.pl\/wp-content\/uploads\/2024\/08\/image.png\"><img loading=\"lazy\" decoding=\"async\" width=\"1024\" height=\"438\" src=\"https:\/\/pkoo.sep.warszawa.pl\/wp-content\/uploads\/2024\/08\/image-1024x438.png\" alt=\"\" class=\"wp-image-971\" srcset=\"https:\/\/pkoo.sep.warszawa.pl\/wp-content\/uploads\/2024\/08\/image-1024x438.png 1024w, https:\/\/pkoo.sep.warszawa.pl\/wp-content\/uploads\/2024\/08\/image-300x128.png 300w, https:\/\/pkoo.sep.warszawa.pl\/wp-content\/uploads\/2024\/08\/image-768x328.png 768w, https:\/\/pkoo.sep.warszawa.pl\/wp-content\/uploads\/2024\/08\/image-1536x657.png 1536w, https:\/\/pkoo.sep.warszawa.pl\/wp-content\/uploads\/2024\/08\/image.png 1976w\" sizes=\"auto, (max-width: 1024px) 100vw, 1024px\" \/><\/a><\/figure>\n\n\n\n<p>Ju\u017c za dwa tygodnie, w pierwszym tygodniu wrze\u015bnia, odb\u0119dzie si\u0119 37. Mi\u0119dzynarodowa Konferencja Ochrony Odgromowej ICLP (37th International Conference on Lightning Protection), a miejscem jej odbywania b\u0119dzie Drezno (Niemcy). <\/p>\n\n\n\n<p>Konferencja ta b\u0119dzie doskona\u0142\u0105 okazj\u0105 do spotkania si\u0119 z wiod\u0105cymi \u015bwiatowymi ekspertami w dziedzinie ochrony odgromowej, om\u00f3wienia najnowszych wynik\u00f3w bada\u0144 oraz zapoznania si\u0119 z nowymi osi\u0105gni\u0119ciami w fizyce wy\u0142adowa\u0144 atmosferycznych i technologii ochrony odgromowej. Uczestnicy b\u0119d\u0105 mieli okazj\u0119 zaprezentowa\u0107 swoj\u0105 prac\u0119 badawcz\u0105, wymieni\u0107 si\u0119 pomys\u0142ami z kolegami i nawi\u0105za\u0107 kontakty z profesjonalistami z bran\u017cy. Konferencja ma na celu zgromadzenie szerokiego grona ekspert\u00f3w, przy jednoczesnym zaprezentowaniu publiczno\u015bci nowych pomys\u0142\u00f3w i wynalazk\u00f3w.<\/p>\n\n\n\n<p>W czasie konferencji zaplanowano zr\u00f3\u017cnicowany program sesji plenarnych, sesji technicznych i sesji plakatowych, obejmuj\u0105cych szeroki zakres temat\u00f3w zwi\u0105zanych z badaniami wy\u0142adowa\u0144 atmosferycznych i ochron\u0105 odgromow\u0105. Niekt\u00f3re z kluczowych temat\u00f3w, kt\u00f3re zostan\u0105 poruszone na konferencji, to m.in. ochrona odgromowa konstrukcji specjalnych, pomiar parametr\u00f3w wy\u0142adowa\u0144 atmosferycznych, wykorzystanie sztucznej inteligencji w ochronie odgromowej, ochrona odgromowa system\u00f3w elektroenergetycznych oraz ochrona odgromowa pojazd\u00f3w elektrycznych i infrastruktury \u0142adowania.<\/p>\n\n\n\n<p>W wydarzeniu aktywny udzia\u0142 wezm\u0105 r\u00f3wnie\u017c przedstawiciele PKOO SEP, jako wiod\u0105cej w Polsce organizacji dzia\u0142aj\u0105ca w tej tematyce. W czasie sesji plenarnych b\u0119d\u0105 mieli okazj\u0119 przedstawi\u0107 wyniki swoich bada\u0144 naukowych, za\u015b w rozmowach kuluarowych wymieni\u0107 do\u015bwiadczenia w zakresie nowych technologii i efektywnej propagacji wiedzy o poprawnym wykonywaniu instalacji odgromowych i przepi\u0119ciowych. Wyr\u00f3\u017cnieniem naszego udzia\u0142u, ale te\u017c osobistym, b\u0119dzie prowadzenie sesji posterowej przez Przewodnicz\u0105cego PKOO SEP.<\/p>\n\n\n\n<p>Wi\u0119cej informacji na stronie konferencji &#8211; <a href=\"https:\/\/www.iclp2024.org\/en\" target=\"_blank\" rel=\"noreferrer noopener nofollow\">ICLP 2024 &#8211; Homepage &#8211; VDE<\/a><\/p>\n","protected":false},"excerpt":{"rendered":"<p>Ju\u017c za dwa tygodnie, w pierwszym tygodniu wrze\u015bnia, odb\u0119dzie si\u0119 37. Mi\u0119dzynarodowa Konferencja Ochrony Odgromowej ICLP (37th International Conference on Lightning Protection), a miejscem jej odbywania b\u0119dzie Drezno (Niemcy). Konferencja ta b\u0119dzie doskona\u0142\u0105 okazj\u0105 do spotkania si\u0119 z wiod\u0105cymi \u015bwiatowymi &hellip; <a href=\"https:\/\/pkoo.sep.warszawa.pl\/?p=970\">Czytaj dalej <span class=\"meta-nav\">&rarr;<\/span><\/a><\/p>\n","protected":false},"author":11,"featured_media":971,"comment_status":"closed","ping_status":"open","sticky":false,"template":"","format":"standard","meta":{"footnotes":""},"categories":[2,4],"tags":[40,73,74,10],"class_list":["post-970","post","type-post","status-publish","format-standard","has-post-thumbnail","hentry","category-aktualnosci","category-konferencje","tag-iclp","tag-iclp2024","tag-konferencja-odgromowa","tag-zaproszenie"],"_links":{"self":[{"href":"https:\/\/pkoo.sep.warszawa.pl\/index.php?rest_route=\/wp\/v2\/posts\/970","targetHints":{"allow":["GET"]}}],"collection":[{"href":"https:\/\/pkoo.sep.warszawa.pl\/index.php?rest_route=\/wp\/v2\/posts"}],"about":[{"href":"https:\/\/pkoo.sep.warszawa.pl\/index.php?rest_route=\/wp\/v2\/types\/post"}],"author":[{"embeddable":true,"href":"https:\/\/pkoo.sep.warszawa.pl\/index.php?rest_route=\/wp\/v2\/users\/11"}],"replies":[{"embeddable":true,"href":"https:\/\/pkoo.sep.warszawa.pl\/index.php?rest_route=%2Fwp%2Fv2%2Fcomments&post=970"}],"version-history":[{"count":3,"href":"https:\/\/pkoo.sep.warszawa.pl\/index.php?rest_route=\/wp\/v2\/posts\/970\/revisions"}],"predecessor-version":[{"id":974,"href":"https:\/\/pkoo.sep.warszawa.pl\/index.php?rest_route=\/wp\/v2\/posts\/970\/revisions\/974"}],"wp:featuredmedia":[{"embeddable":true,"href":"https:\/\/pkoo.sep.warszawa.pl\/index.php?rest_route=\/wp\/v2\/media\/971"}],"wp:attachment":[{"href":"https:\/\/pkoo.sep.warszawa.pl\/index.php?rest_route=%2Fwp%2Fv2%2Fmedia&parent=970"}],"wp:term":[{"taxonomy":"category","embeddable":true,"href":"https:\/\/pkoo.sep.warszawa.pl\/index.php?rest_route=%2Fwp%2Fv2%2Fcategories&post=970"},{"taxonomy":"post_tag","embeddable":true,"href":"https:\/\/pkoo.sep.warszawa.pl\/index.php?rest_route=%2Fwp%2Fv2%2Ftags&post=970"}],"curies":[{"name":"wp","href":"https:\/\/api.w.org\/{rel}","templated":true}]}}