{"id":977,"date":"2024-09-11T09:41:13","date_gmt":"2024-09-11T07:41:13","guid":{"rendered":"https:\/\/pkoo.sep.warszawa.pl\/?p=977"},"modified":"2024-09-11T09:42:11","modified_gmt":"2024-09-11T07:42:11","slug":"37-konferencja-iclp-za-nami","status":"publish","type":"post","link":"https:\/\/pkoo.sep.warszawa.pl\/?p=977","title":{"rendered":"37. Konferencja ICLP za nami"},"content":{"rendered":"\n<figure class=\"wp-block-image size-large\"><a href=\"https:\/\/pkoo.sep.warszawa.pl\/wp-content\/uploads\/2024\/08\/image.png\"><img loading=\"lazy\" decoding=\"async\" width=\"1024\" height=\"438\" src=\"https:\/\/pkoo.sep.warszawa.pl\/wp-content\/uploads\/2024\/08\/image-1024x438.png\" alt=\"\" class=\"wp-image-971\" srcset=\"https:\/\/pkoo.sep.warszawa.pl\/wp-content\/uploads\/2024\/08\/image-1024x438.png 1024w, https:\/\/pkoo.sep.warszawa.pl\/wp-content\/uploads\/2024\/08\/image-300x128.png 300w, https:\/\/pkoo.sep.warszawa.pl\/wp-content\/uploads\/2024\/08\/image-768x328.png 768w, https:\/\/pkoo.sep.warszawa.pl\/wp-content\/uploads\/2024\/08\/image-1536x657.png 1536w, https:\/\/pkoo.sep.warszawa.pl\/wp-content\/uploads\/2024\/08\/image.png 1976w\" sizes=\"auto, (max-width: 1024px) 100vw, 1024px\" \/><\/a><\/figure>\n\n\n\n<p>Pierwszy tydzie\u0144 wrze\u015bnia up\u0142yn\u0105\u0142 pod znakiem udzia\u0142u w 37th International Conference on Lightning Protection ICLP 2024. W tym roku odbywa\u0142a si\u0119 ona w Dre\u017anie &#8211; niezwykle przyjaznym, m\u0142odym i uroczym mie\u015bcie niemieckiej Saksonii. Udzia\u0142 wzi\u0119\u0142o niemal 300 os\u00f3b z 30 kraj\u00f3w. By\u0142a to niesamowita okazja do poznania wynik\u00f3w prowadzonych na \u015bwiecie bada\u0144 naukowych, wymiany do\u015bwiadcze\u0144, ale te\u017c od\u015bwie\u017cenia starych kontakt\u00f3w i nawi\u0105zania nowych. Komitet reprezentowa\u0142o pi\u0119ciu cz\u0142onk\u00f3w, w tym Przewodnicz\u0105cy, a ich udzia\u0142 obejmowa\u0142 zar\u00f3wno prezentacj\u0119 wynik\u00f3w prac badawczych, jak r\u00f3wnie\u017c prowadzenie sesji naukowych.<\/p>\n\n\n\n<figure class=\"wp-block-image size-large\"><a href=\"https:\/\/pkoo.sep.warszawa.pl\/wp-content\/uploads\/2024\/09\/image.png\"><img loading=\"lazy\" decoding=\"async\" width=\"1024\" height=\"1024\" src=\"https:\/\/pkoo.sep.warszawa.pl\/wp-content\/uploads\/2024\/09\/image-1024x1024.png\" alt=\"\" class=\"wp-image-978\" srcset=\"https:\/\/pkoo.sep.warszawa.pl\/wp-content\/uploads\/2024\/09\/image-1024x1024.png 1024w, https:\/\/pkoo.sep.warszawa.pl\/wp-content\/uploads\/2024\/09\/image-300x300.png 300w, https:\/\/pkoo.sep.warszawa.pl\/wp-content\/uploads\/2024\/09\/image-150x150.png 150w, https:\/\/pkoo.sep.warszawa.pl\/wp-content\/uploads\/2024\/09\/image-768x768.png 768w, https:\/\/pkoo.sep.warszawa.pl\/wp-content\/uploads\/2024\/09\/image.png 1536w\" sizes=\"auto, (max-width: 1024px) 100vw, 1024px\" \/><\/a><\/figure>\n\n\n\n<p>Kolejna konferencja ICLP odb\u0119dzie si\u0119 na prze\u0142omie maja i czerwca 2026 roku w Sapporo w Japonii, a nieco wcze\u015bniej podobna i r\u00f3wnie warto\u015bciowa &#8211; SIPDA &#8211; odb\u0119dzie si\u0119 w Greckich Thessalonikach. <\/p>\n\n\n\n<p>Jednocze\u015bnie przypominamy, i\u017c ju\u017c w po\u0142owie marca 2025 roku odb\u0119dzie si\u0119 druga edycji organizowanej przez PKOO SEP konferencji naukowo-technicznej &#8222;Trendy w Ochronie Odgromowej i Przepi\u0119ciowej&#8221; TOOP#2.<br><\/p>\n","protected":false},"excerpt":{"rendered":"<p>Pierwszy tydzie\u0144 wrze\u015bnia up\u0142yn\u0105\u0142 pod znakiem udzia\u0142u w 37th International Conference on Lightning Protection ICLP 2024. W tym roku odbywa\u0142a si\u0119 ona w Dre\u017anie &#8211; niezwykle przyjaznym, m\u0142odym i uroczym mie\u015bcie niemieckiej Saksonii. Udzia\u0142 wzi\u0119\u0142o niemal 300 os\u00f3b z 30 &hellip; <a href=\"https:\/\/pkoo.sep.warszawa.pl\/?p=977\">Czytaj dalej <span class=\"meta-nav\">&rarr;<\/span><\/a><\/p>\n","protected":false},"author":11,"featured_media":971,"comment_status":"closed","ping_status":"open","sticky":false,"template":"","format":"standard","meta":{"footnotes":""},"categories":[2,4],"tags":[75,73,9],"class_list":["post-977","post","type-post","status-publish","format-standard","has-post-thumbnail","hentry","category-aktualnosci","category-konferencje","tag-drezno","tag-iclp2024","tag-konferencja"],"_links":{"self":[{"href":"https:\/\/pkoo.sep.warszawa.pl\/index.php?rest_route=\/wp\/v2\/posts\/977","targetHints":{"allow":["GET"]}}],"collection":[{"href":"https:\/\/pkoo.sep.warszawa.pl\/index.php?rest_route=\/wp\/v2\/posts"}],"about":[{"href":"https:\/\/pkoo.sep.warszawa.pl\/index.php?rest_route=\/wp\/v2\/types\/post"}],"author":[{"embeddable":true,"href":"https:\/\/pkoo.sep.warszawa.pl\/index.php?rest_route=\/wp\/v2\/users\/11"}],"replies":[{"embeddable":true,"href":"https:\/\/pkoo.sep.warszawa.pl\/index.php?rest_route=%2Fwp%2Fv2%2Fcomments&post=977"}],"version-history":[{"count":2,"href":"https:\/\/pkoo.sep.warszawa.pl\/index.php?rest_route=\/wp\/v2\/posts\/977\/revisions"}],"predecessor-version":[{"id":980,"href":"https:\/\/pkoo.sep.warszawa.pl\/index.php?rest_route=\/wp\/v2\/posts\/977\/revisions\/980"}],"wp:featuredmedia":[{"embeddable":true,"href":"https:\/\/pkoo.sep.warszawa.pl\/index.php?rest_route=\/wp\/v2\/media\/971"}],"wp:attachment":[{"href":"https:\/\/pkoo.sep.warszawa.pl\/index.php?rest_route=%2Fwp%2Fv2%2Fmedia&parent=977"}],"wp:term":[{"taxonomy":"category","embeddable":true,"href":"https:\/\/pkoo.sep.warszawa.pl\/index.php?rest_route=%2Fwp%2Fv2%2Fcategories&post=977"},{"taxonomy":"post_tag","embeddable":true,"href":"https:\/\/pkoo.sep.warszawa.pl\/index.php?rest_route=%2Fwp%2Fv2%2Ftags&post=977"}],"curies":[{"name":"wp","href":"https:\/\/api.w.org\/{rel}","templated":true}]}}